{"id":911,"date":"2026-08-19T15:30:05","date_gmt":"2026-08-19T13:30:05","guid":{"rendered":"https:\/\/www.monicacapello.com\/?p=911"},"modified":"2026-08-28T15:27:23","modified_gmt":"2026-08-28T13:27:23","slug":"lo-specchio-piu-sincero-cosa-ci-racconta-il-cavallo-di-noi-stessi","status":"publish","type":"post","link":"https:\/\/www.monicacapello.com\/index.php\/2026\/08\/19\/lo-specchio-piu-sincero-cosa-ci-racconta-il-cavallo-di-noi-stessi\/","title":{"rendered":"Lo specchio pi\u00f9 sincero: cosa ci racconta il Cavallo di noi stessi"},"content":{"rendered":"<p>&nbsp;<\/p>\n<h3>Ti sei mai chiesto\/a come vieni percepito\/a dagli altri?<\/h3>\n<p><span style=\"font-size: 18px; color: #9f917e;\">Non mi riferisco esclusivamente agli aspetti legati alla comunicazione, tema caldo dei miei percorsi formativi, croce e delizia di ogni genere di relazione perch\u00e9, come spesso accade, quanto \u201cdiciamo\u201d viene rielaborato, interpretato e distorto da chi abbiamo davanti.<\/span><\/p>\n<p><span style=\"font-size: 18px; color: #9f917e;\">Mi riferisco ad ogni tuo piccolo aspetto che forse sfugge anche alla tua percezione personale: postura, sguardo, intento e ovviamente messaggio.<\/span><\/p>\n<p><span style=\"font-size: 18px; color: #9f917e;\">Ho suscitato qualche curiosit\u00e0?<\/span><\/p>\n<p><span style=\"font-size: 18px; color: #9f917e;\">Vediamo allora insieme di cosa si tratta.<\/span><\/p>\n<p><span style=\"font-size: 18px; color: #9f917e;\">In azienda come nella vita privata, siamo portati a pensare di comunicare con chiarezza, di trasmettere sicurezza, di essere aperti al dialogo o di saper guidare un gruppo. Per alcuni la leadership \u00e8 forte e autentica, per altri si tratta di improvvisazione o di assenza totale di questa preziosa attitudine.<\/span><\/p>\n<p><span style=\"font-size: 18px; color: #9f917e;\">Emerge quindi una <strong>domanda fondamentale<\/strong>: quanto crediamo di esprimere coincide davvero con ci\u00f2 che arriva a chi abbiamo di fronte?<\/span><br \/>\n<!--more--><\/p>\n<p><span style=\"font-size: 18px; color: #9f917e;\">Nella vita quotidiana riceviamo continuamente <strong>feedback<\/strong>, ma come spiegato pi\u00f9 sopra, <strong>spesso sono filtrati<\/strong> dall&#8217;educazione, dai ruoli, dalle convenzioni sociali o dal timore di ferire l&#8217;altro. Per questo motivo tali feedback non sempre ci restituiscono un&#8217;immagine autentica di noi.<\/span><\/p>\n<p><span style=\"font-size: 18px; color: #9f917e;\">Con il <strong>Cavallo accade qualcosa di diverso<\/strong>.<\/span><\/p>\n<p><span style=\"font-size: 18px; color: #9f917e;\">Emerge un feedback senza parole perch\u00e9<strong> il cavallo non interpreta<\/strong>, non giudica e non cerca di compiacere.<br \/>\nQuesto nobile e splendido animale risponde semplicemente a ci\u00f2 che percepisce.<\/span><\/p>\n<p><span style=\"font-size: 18px; color: #9f917e;\">Essendo un animale estremamente sensibile, <strong>coglie con straordinaria precisione<\/strong> il linguaggio del corpo, la coerenza tra ci\u00f2 che diciamo e ci\u00f2 che proviamo, il nostro livello di presenza, di calma o di tensione.<br \/>\nOvviamente non comprende le nostre parole e pertanto non reagisce a quanto diciamo bens\u00ec alla persona nella sua interezza.<\/span><\/p>\n<p><span style=\"font-size: 18px; color: #9f917e;\">Ed \u00e8 proprio questa autenticit\u00e0 a renderlo un prezioso compagno nei percorsi di crescita personale e di formazione.<\/span><\/p>\n<h3>Quando ci\u00f2 che comunichiamo non coincide con ci\u00f2 che trasmettiamo<\/h3>\n<p><span style=\"font-size: 18px; color: #9f917e;\">Pu\u00f2 capitare di pensare di essere molto chiari e determinati, mentre il nostro corpo comunica esitazione, oppure di credere di esercitare una leadership autorevole quando, inconsapevolmente, trasmettiamo controllo o rigidit\u00e0.<\/span><\/p>\n<p><span style=\"font-size: 18px; color: #9f917e;\"><strong>Il cavallo non ci dice chi siamo.<\/strong><br \/>\nNon giudica.<\/span><\/p>\n<p><span style=\"font-size: 18px; color: #9f917e;\"><strong>Ci restituisce semplicemente ci\u00f2 che stiamo portando<\/strong> nella relazione, in quel preciso momento: \u00e8 proprio per questo motivo che mi piace definirlo uno specchio.<\/span><\/p>\n<p><span style=\"font-size: 18px; color: #9f917e;\">Nella vita professionale, come in quella privata, uno dei pi\u00f9 grandi nemici con il\/la quale dobbiamo scontrarci quotidianamente \u00e8 <strong>il\/la giudice interiore<\/strong>: ognuno di noi \u00e8 maestro\/a nell\u2019emettere sentenze contro il proprio modo di essere e agire (ma questo tema sar\u00e0 il focus di un altro articolo).<\/span><br \/>\n<span style=\"font-size: 18px; color: #9f917e;\">E questa propensione personale si riflette anche nei rapporti con collaboratori e colleghi.<\/span><\/p>\n<p><span style=\"font-size: 18px; color: #9f917e;\">Una delle dinamiche pi\u00f9 ostiche sulle quali mi trovo a lavorare in azienda \u00e8 proprio il reciproco atteggiamento giudicante che ovviamente diventa causa di attriti, incomprensioni e burnout.<\/span><\/p>\n<p><span style=\"font-size: 18px; color: #9f917e;\">Quando si partecipa a <strong>sessioni formative mediate dal Cavallo<\/strong>, \u00e8 proprio questa assenza di giudizio che rende possibile un apprendimento profondo.<\/span><\/p>\n<h3>La consapevolezza prima del cambiamento<\/h3>\n<p><span style=\"font-size: 18px; color: #9f917e;\">Ogni percorso di crescita inizia da una domanda semplice e, allo stesso tempo, complessa:<\/span><\/p>\n<p><span style=\"font-size: 18px; color: #9f917e;\">&#8220;Come entro in relazione con gli altri?&#8221;<\/span><\/p>\n<p><span style=\"font-size: 18px; color: #9f917e;\">Converrai con me che <strong>non \u00e8 possibile modificare ci\u00f2 di cui non siamo consapevoli<\/strong> e proprio per questo motivo \u00e8 fondamentale gestire il percorso di formazione erogando sessioni graduali e coerenti.<\/span><\/p>\n<p><span style=\"font-size: 18px; color: #9f917e;\">E\u2019 necessario<strong> destrutturare la percezione che abbiamo di noi stessi<\/strong> per confutare modalit\u00e0 e propensione personale che, magari, fino a quel momento sono state semplicemente degli automatismi.<\/span><\/p>\n<p><span style=\"font-size: 18px; color: #9f917e;\">L&#8217;incontro con il cavallo ci permette di osservare comportamenti, emozioni e modalit\u00e0 comunicative che spesso agiscono a ruota libera.<\/span><\/p>\n<p><span style=\"font-size: 18px; color: #9f917e;\">A volte scopriamo di voler controllare tutto.<br \/>\nAltre volte di non fidarci abbastanza o di fare fatica a chiedere collaborazione.<\/span><\/p>\n<p><span style=\"font-size: 18px; color: #9f917e;\">O ancora di possedere una capacit\u00e0 di ascolto e una presenza che non immaginavamo di avere.<\/span><\/p>\n<p><span style=\"font-size: 18px; color: #9f917e;\">Ogni esperienza \u00e8 diversa, perch\u00e9 ogni persona arriva con la propria storia.<\/span><\/p>\n<h3>Un apprendimento che rimane nel tempo<\/h3>\n<p><span style=\"font-size: 18px; color: #9f917e;\">Durante una <strong>formazione mediata dal cavallo<\/strong> non si impara una tecnica ma <strong>si vive un&#8217;esperienza intensa e trasformativa<\/strong> ed \u00e8 proprio questa esperienza a lasciare un segno pi\u00f9 profondo rispetto a qualsiasi spiegazione teorica.<\/span><\/p>\n<p><span style=\"font-size: 18px; color: #9f917e;\">Quando una persona sperimenta direttamente come il proprio atteggiamento influenzi la relazione con il cavallo, diventa pi\u00f9 semplice riconoscere le stesse dinamiche anche nel lavoro, in famiglia o nel rapporto con il proprio team.<\/span><\/p>\n<p><span style=\"font-size: 18px; color: #9f917e;\">La leadership diventa pi\u00f9 consapevole.<\/span><\/p>\n<p><span style=\"font-size: 18px; color: #9f917e;\">La comunicazione pi\u00f9 autentica.<\/span><\/p>\n<p><span style=\"font-size: 18px; color: #9f917e;\">La collaborazione pi\u00f9 naturale.<\/span><\/p>\n<p><span style=\"font-size: 18px; color: #9f917e;\">Ritorniamo quindi allo <strong>Specchio<\/strong>: che invita a crescere<\/span><\/p>\n<p><span style=\"font-size: 18px; color: #9f917e;\">Forse la domanda non \u00e8 soltanto &#8220;Come mi vedono gli altri?&#8221; ma qualcosa di pi\u00f9 strutturato e importante: &#8220;Quanto ci\u00f2 che desidero comunicare \u00e8 coerente con ci\u00f2 che trasmetto davvero?&#8221;<\/span><\/p>\n<p><span style=\"font-size: 18px; color: #9f917e;\">Concludo dicendo che <strong>il Cavallo non offre risposte preconfezionate ma di sicuro ci invita a osservare<\/strong>, ad ascoltarci e a fare spazio a nuove possibilit\u00e0.<\/span><\/p>\n<p><span style=\"font-size: 18px; color: #9f917e;\">Perch\u00e9 ogni cambiamento autentico nasce dalla consapevolezza.<\/span><\/p>\n<p><span style=\"font-size: 18px; color: #9f917e;\">E quando impariamo a conoscere meglio noi stessi, anche le nostre relazioni \u2014 personali e professionali \u2014 possono trasformarsi.<\/span><\/p>\n<h3>Dalle parole alla pratica<\/h3>\n<p><span style=\"font-size: 18px; color: #9f917e;\">Ho deciso di concludere ogni mio articolo con un<strong> breve esercizio<\/strong> per rendere concreto ci\u00f2 che ti sto raccontando e trasformare il blog in &#8220;esperienza diretta&#8221;.<\/span><\/p>\n<p><span style=\"font-size: 18px; color: #9f917e;\">Ecco quindi una proposta semplicissima che puoi praticare anche adesso.<\/span><\/p>\n<p>&nbsp;<\/p>\n<p><span style=\"font-size: 18px; color: #9f917e;\">Apri il tuo motore di ricerca preferito e digita queste due parole \u201c<em>Occhi Cavallo<\/em>\u201d.<\/span><\/p>\n<p><span style=\"font-size: 18px; color: #9f917e;\">Prova guardare le immagini che ti vengono proposte e scegli lo sguardo che incontra il tuo.<\/span><br \/>\n<span style=\"font-size: 18px; color: #9f917e;\">Prenditi solo qualche attimo.<\/span><\/p>\n<p><span style=\"font-size: 18px; color: #9f917e;\">Respira profondamente e STAI in quello sguardo.<\/span><\/p>\n<p><span style=\"font-size: 18px; color: #9f917e;\">Resta l\u00ec per qualche secondo.<\/span><br \/>\n<span style=\"font-size: 18px; color: #9f917e;\">Quando ti sentirai pronta\/o, prova a rispondere a questa domanda: &#8220;<strong><em>Qual \u00e8 l&#8217;emozione che stai provando?<\/em><\/strong>&#8220;<\/span><\/p>\n<p>&nbsp;<\/p>\n<p><span style=\"font-size: 18px; color: #9f917e;\">Ti ringrazio per essere arrivato\/a fino a qui. Se hai piacere, fammi sapere cosa ne pensi \ud83d\ude09<br \/>\nSono sicura saranno emersi pensieri ed emozioni! Se ti va, condividili con me. Sar\u00f2 felice di risponderti.<\/span><\/p>\n<h3>Link Utili<\/h3>\n<p><span style=\"font-size: 18px; color: #9f917e;\"><a href=\"https:\/\/www.monicacapello.com\/index.php\/2026\/04\/10\/team-building-aziendale-mediato-dal-cavallo\/\">Team building aziendale mediato dal cavallo<\/a><\/span><\/p>\n","protected":false},"excerpt":{"rendered":"<p>&nbsp; Ti sei mai chiesto\/a come vieni percepito\/a dagli altri? Non mi riferisco esclusivamente agli aspetti legati alla comunicazione, tema caldo dei miei percorsi formativi, croce e delizia di ogni genere di relazione perch\u00e9, come spesso accade, quanto \u201cdiciamo\u201d viene rielaborato, interpretato e distorto da chi abbiamo davanti. Mi riferisco ad ogni tuo piccolo aspetto [&hellip;]<\/p>\n","protected":false},"author":1,"featured_media":908,"comment_status":"closed","ping_status":"closed","sticky":false,"template":"","format":"standard","meta":{"footnotes":""},"categories":[4],"tags":[13,8,6,11,12,15,16,9,7,10,14],"class_list":["post-911","post","type-post","status-publish","format-standard","has-post-thumbnail","hentry","category-blog","tag-atteggiamento","tag-azienda","tag-cavallo","tag-cavallo-come-specchio","tag-comportamento","tag-consapevolezza","tag-consapevolezza-personae","tag-dinamiche-organizzative","tag-formazione","tag-formazione-aziendale","tag-leadership"],"_links":{"self":[{"href":"https:\/\/www.monicacapello.com\/index.php\/wp-json\/wp\/v2\/posts\/911","targetHints":{"allow":["GET"]}}],"collection":[{"href":"https:\/\/www.monicacapello.com\/index.php\/wp-json\/wp\/v2\/posts"}],"about":[{"href":"https:\/\/www.monicacapello.com\/index.php\/wp-json\/wp\/v2\/types\/post"}],"author":[{"embeddable":true,"href":"https:\/\/www.monicacapello.com\/index.php\/wp-json\/wp\/v2\/users\/1"}],"replies":[{"embeddable":true,"href":"https:\/\/www.monicacapello.com\/index.php\/wp-json\/wp\/v2\/comments?post=911"}],"version-history":[{"count":21,"href":"https:\/\/www.monicacapello.com\/index.php\/wp-json\/wp\/v2\/posts\/911\/revisions"}],"predecessor-version":[{"id":936,"href":"https:\/\/www.monicacapello.com\/index.php\/wp-json\/wp\/v2\/posts\/911\/revisions\/936"}],"wp:featuredmedia":[{"embeddable":true,"href":"https:\/\/www.monicacapello.com\/index.php\/wp-json\/wp\/v2\/media\/908"}],"wp:attachment":[{"href":"https:\/\/www.monicacapello.com\/index.php\/wp-json\/wp\/v2\/media?parent=911"}],"wp:term":[{"taxonomy":"category","embeddable":true,"href":"https:\/\/www.monicacapello.com\/index.php\/wp-json\/wp\/v2\/categories?post=911"},{"taxonomy":"post_tag","embeddable":true,"href":"https:\/\/www.monicacapello.com\/index.php\/wp-json\/wp\/v2\/tags?post=911"}],"curies":[{"name":"wp","href":"https:\/\/api.w.org\/{rel}","templated":true}]}}