{"id":937,"date":"2026-08-31T12:36:09","date_gmt":"2026-08-31T10:36:09","guid":{"rendered":"https:\/\/www.monicacapello.com\/?p=937"},"modified":"2026-08-31T21:24:17","modified_gmt":"2026-08-31T19:24:17","slug":"lavoratrice-per-caso-quando-il-lavoro-ti-sceglie-prima-che-sia-tu-a-scegliere-lui","status":"publish","type":"post","link":"https:\/\/www.monicacapello.com\/index.php\/2026\/08\/31\/lavoratrice-per-caso-quando-il-lavoro-ti-sceglie-prima-che-sia-tu-a-scegliere-lui\/","title":{"rendered":"Lavoratrice per caso? Quando il lavoro ti sceglie prima che sia tu a scegliere lui"},"content":{"rendered":"<p><span style=\"font-size: 18px; color: #9f917e;\">Un articolo dedicato alle Donne, ma anche agli Uomini desiderosi di comprendere il mio personale punto di vista rispetto ad una tematica importante, la <strong>professionalit\u00e0 femminile<\/strong>, che a volte si fa carico di pregiudizi e condizionamenti radicati (senza motivo) dentro e fuori di noi.<\/span><\/p>\n<h3>Un lavoro che capita<\/h3>\n<p><span style=\"font-size: 18px; color: #9f917e;\">Quante Donne possono dire di aver scelto davvero il proprio lavoro?<br \/>\nE quante, invece, hanno semplicemente colto l&#8217;occasione che si \u00e8 presentata?<br \/>\n<\/span><\/p>\n<p><span style=\"font-size: 18px; color: #9f917e;\">Un contratto arrivato al momento giusto.<br \/>\nUn&#8217;amica che cercava una collega.<br \/>\nUn impiego vicino a casa.<br \/>\nUn lavoro compatibile con gli orari dei figli.<br \/>\nLa necessit\u00e0 di contribuire al bilancio familiare.<br \/>\n<\/span><\/p>\n<p><span style=\"font-size: 18px; color: #9f917e;\">Per molte donne, la storia professionale inizia con una <strong>NON<\/strong> scelta, magari una circostanza che diventa poi un dato di fatto a lungo termine.<\/span><\/p>\n<p><span style=\"font-size: 18px; color: #9f917e;\">Tengo a precisare che non c&#8217;\u00e8 nulla di sbagliato in tutto questo: ricordo ancora il mio primo impiego e l\u2019annuncio che avevo ritagliato dal giornale locale al quale avevo risposto per gioco. Una professione che non mi apparteneva davvero ma che rispecchiava il percorso di studi affrontato per assecondare i desideri altrui\u2026 (non voglio aggiungere altro poich\u00e9 questo \u00e8 un &#8220;super tema&#8221; che affronter\u00f2 a tempo debito).<\/span><\/p>\n<p><span style=\"font-size: 18px; color: #9f917e;\">La vita ci porta spesso a prendere decisioni dettate dalle priorit\u00e0 del momento.<\/span><br \/>\n<!--more--><\/p>\n<p><span style=\"font-size: 18px; color: #9f917e;\">Il problema nasce quando, con il passare degli anni, quel lavoro diventa una gabbia silenziosa. Ci si abitua, si smette di immaginare alternative e si finisce per credere che quella sia l&#8217;unica strada possibile.<\/span><\/p>\n<h3>Quando ci dimentichiamo di noi<\/h3>\n<p><span style=\"font-size: 18px; color: #9f917e;\">E\u2019 un processo lento. Uno stillicidio che pian piano risulta quasi piacevole.<\/span><\/p>\n<p><span style=\"font-size: 18px; color: #9f917e;\"><strong>Si mettono da parte<\/strong> passioni, aspirazioni e talenti.<br \/>\nSi diventa competenti nel proprio lavoro, ma non necessariamente felici e si continua perch\u00e9 &#8220;ormai \u00e8 cos\u00ec&#8221;.<br \/>\n<\/span><br \/>\n<span style=\"font-size: 18px; color: #9f917e;\">Il cambiamento fa paura perch\u00e9 si pensa di essere troppo grandi o perch\u00e9 il curriculum sembra raccontare una storia da cui non si pu\u00f2 uscire.\u00a0<\/span><\/p>\n<p><span style=\"font-size: 18px; color: #9f917e;\">Se stai annuendo, sappi che ti posso capire perfettamente. Mi sono ritrovata anch&#8217;io in questa situazione e ti posso assicurare che dietro molte donne che incontro c&#8217;\u00e8 tutto questo, ma anche una domanda che aspetta solo di essere ascoltata:<\/span><\/p>\n<p><strong><span style=\"font-size: 18px; color: #9f917e;\">&#8220;E se ci fosse qualcosa di pi\u00f9 adatto a me?&#8221;<\/span><\/strong><\/p>\n<p><span style=\"font-size: 18px; color: #9f917e;\">Voglio rassicurarti: scegliere non significa ricominciare da zero. Quando si parla di cambiamento professionale, spesso immaginiamo rivoluzioni radicali che prevedono di lasciare tutto, cambiare citt\u00e0 o avviare un&#8217;attivit\u00e0 con tutti gli annessi e connessi.<\/span><\/p>\n<p><span style=\"font-size: 18px; color: #9f917e;\">In realt\u00e0, scegliere pu\u00f2 significare anche molto altro.<\/span><\/p>\n<p><span style=\"font-size: 18px; color: #9f917e;\">Scegliere vuol dire prendere consapevolezza delle proprie competenze, riconoscere ci\u00f2 che ci viene naturale fare, imparare a raccontare il proprio valore, scoprire possibilit\u00e0 che fino a quel momento non avevamo nemmeno preso in considerazione.<\/span><\/p>\n<p><span style=\"font-size: 18px; color: #9f917e;\">Ho scelto di chiamare il mio percorso di empowerment e orientamento professionale <em>Donne in Quota<\/em> perch\u00e9 credo che ogni cambiamento autentico inizi da un nuovo sguardo su di s\u00e9.<\/span><\/p>\n<p><span style=\"font-size: 18px; color: #9f917e;\">Per vedere con chiarezza il proprio cammino, a volte <strong>\u00e8 necessario salire di quota<\/strong>: cambiare prospettiva, osservare la propria storia con maggiore lucidit\u00e0 e prendere le distanze da convinzioni, paure e automatismi.<\/span><br \/>\n<span style=\"font-size: 18px; color: #9f917e;\"><strong>Solo da un punto di osservazione pi\u00f9 alto<\/strong> possiamo riconoscere le nostre risorse, individuare nuove possibilit\u00e0 e scegliere con maggiore consapevolezza la direzione da dare al nostro futuro professionale.<\/span><\/p>\n<p><span style=\"font-size: 18px; color: #9f917e;\">Raggiungere una nuova &#8220;quota&#8221; non significa arrivare pi\u00f9 in alto degli altri, <strong>ma trovare l&#8217;altitudine giusta da cui vedere<\/strong>, finalmente,<strong> chi siamo e dove desideriamo andare<\/strong>.<\/span><\/p>\n<h3>Dal lavoro che capita al lavoro che mi rappresenta<\/h3>\n<p><span style=\"font-size: 18px; color: #9f917e;\">Non tutte sceglieranno di cambiare professione perch\u00e9 non \u00e8 questo l&#8217;obiettivo.<\/span><\/p>\n<p><span style=\"font-size: 18px; color: #9f917e;\">L&#8217;obiettivo \u00e8 <strong>fare in modo che il lavoro torni a essere una scelta consapevole,<\/strong> e non solo una conseguenza degli eventi: a mio avviso questa \u00e8 una condizione imprescindibile per vivere appieno, con un continuum soddisfacente e sostenibile, la vita personale e professionale.<\/span><\/p>\n<p><span style=\"font-size: 18px; color: #9f917e;\">Per alcune significher\u00e0 cercare un nuovo impiego, certamente, ma per altre il focus si orienter\u00e0 sul chiedere maggiori responsabilit\u00e0 e per altre ancora avviare un progetto personale che da anni aspetta nel cassetto. Per altre invece si tratter\u00e0 di confutare con orgoglio di essere sempre state sulla strada giusta e che lo smarrimento momentaneo capita a tutte noi.<br \/>\n<\/span><\/p>\n<p><span style=\"font-size: 18px; color: #9f917e;\">La direzione cambia da persona a persona com\u2019\u00e8 giusto e normale che sia, ma ognuna avr\u00e0 modo di vivere con gioia ed entusiasmo il processo di cambiamento in base al proprio vissuto e alle proprie aspirazioni.<\/span><\/p>\n<p><span style=\"font-size: 18px; color: #9f917e;\"><strong>Una scelta consapevole.<\/strong> E per attuarla, ritengo fondamentale affrontare e sciogliere i nodi che spesso ci mettono nella condizione di subire le circostanze e trasformarci cos\u00ec nelle protagoniste del nostro percorso.<\/span><\/p>\n<h3>Donne in Quota: uno spazio per riscoprire il proprio valore<\/h3>\n<p><span style=\"font-size: 18px; color: #9f917e;\">\u00c8 da questa riflessione che nasce <strong>Donne in Quota.<\/strong><\/span><\/p>\n<p><span style=\"font-size: 18px; color: #9f917e;\">Un percorso dedicato alle donne che desiderano rimettersi in gioco, orientarsi nel mondo del lavoro, valorizzare le proprie competenze o costruire un nuovo progetto professionale.<\/span><\/p>\n<p><span style=\"font-size: 18px; color: #9f917e;\">Non \u00e8 un corso che insegna a trovare un lavoro ma <strong>uno spazio in cui fermarsi<\/strong>, fare chiarezza e ritrovare fiducia nelle proprie possibilit\u00e0 perch\u00e9 prima ancora di aggiornare un curriculum o affrontare un colloquio, \u00e8 importante riscoprire chi siamo, cosa sappiamo fare e quale contributo desideriamo portare nel mondo.<\/span><\/p>\n<h3>La domanda pi\u00f9 importante<\/h3>\n<p><strong><span style=\"font-size: 18px; color: #9f917e;\">&#8220;Quale lavoro mi permette di esprimere davvero chi sono oggi?&#8221;<\/span><\/strong><\/p>\n<p><span style=\"font-size: 18px; color: #9f917e;\">La risposta non arriva sempre subito.<\/span><\/p>\n<p><span style=\"font-size: 18px; color: #9f917e;\">Ma ogni percorso autentico inizia proprio da qui: dalla <strong>scelta<\/strong> di smettere di vivere una professione &#8220;capitata&#8221; e iniziare a costruire, passo dopo passo, una professione che ci assomigli.<\/span><\/p>\n<p><span style=\"font-size: 18px; color: #9f917e;\">Ogni percorso inizia con una presa di coscienza, con uno <strong>sguardo proiettato all&#8217;interno<\/strong> per comprendere quali siano i nostri punti di forza da valorizzare e portare nel mondo.<\/span><\/p>\n<p>&nbsp;<\/p>\n<p><span style=\"font-size: 18px; color: #9f917e;\">Cosa ne pensi? Concordi con me o c&#8217;\u00e8 qualcosa che non ti torna? Mi piacerebbe saperlo e trovarci davanti ad un caff\u00e8 o tisana per scambiare punti di vista e stimolare un confronto.<\/span><\/p>\n<p>&nbsp;<\/p>\n<p><span style=\"font-size: 18px; color: #9f917e;\">Nell&#8217;attesa di incontrarti, ti ringrazio per essere arrivata fino alla fine.<\/span><\/p>\n<h3>Dalle parole alla pratica<\/h3>\n<p><span style=\"font-size: 18px; color: #9f917e;\"> Concludo queste mie riflessioni, come di consuetudine, con un gesto pratico e semplice, un invito che pu\u00f2 aiutarti nel creare quello spazio protetto in cui l\u2019ispirazione e la creativit\u00e0 si rigenerano. Se ti va, lasciati trasportare dal flusso.<\/span><\/p>\n<p>&nbsp;<\/p>\n<p>&nbsp;<\/p>\n<p><span style=\"font-size: 18px; color: #9f917e;\">Scegli una mattina. Una delle prossime, non andare troppo in l\u00e0.<\/span><br \/>\n<span style=\"font-size: 18px; color: #9f917e;\">Dedica <strong>5 minuti di qualit\u00e0<\/strong> a te stessa.<\/span><\/p>\n<p><span style=\"font-size: 18px; color: #9f917e;\">Quando ti svegli, riprendi coscienza pian piano e nel momento in cui ti senti pronta procedi in questo modo:<br \/>\n&#8211; Vai vicino ad una finestra<br \/>\n&#8211; Se la stagione lo concede, aprila e respira a pieni polmoni<br \/>\n&#8211; A piedi nudi, sentiti salda a terra<br \/>\n&#8211; Concentrati sul respiro: aria che entra e aria che esce<br \/>\n&#8211; Ascolta con attenzione almeno 10\/15 respiri<br \/>\n&#8211; Concentrati solo sul tuo corpo e l\u2019aria che entra ed esce<br \/>\n&#8211; Poi, quando ti senti pronta, rivolgi a te stessa questa domanda: <\/span><\/p>\n<p>&nbsp;<\/p>\n<p><strong><span style=\"font-size: 18px; color: #9f917e;\">il mio lavoro \u00e8 nutrimento per la mia anima? Ricarica le mie energie?<\/span><\/strong><\/p>\n<p><span style=\"font-size: 18px; color: #9f917e;\">Lascia sedimentare.<\/span><br \/>\n<span style=\"font-size: 18px; color: #9f917e;\">E se vuoi, torna da me e fammi sapere.<\/span><\/p>\n","protected":false},"excerpt":{"rendered":"<p>Un articolo dedicato alle Donne, ma anche agli Uomini desiderosi di comprendere il mio personale punto di vista rispetto ad una tematica importante, la professionalit\u00e0 femminile, che a volte si fa carico di pregiudizi e condizionamenti radicati (senza motivo) dentro e fuori di noi. Un lavoro che capita Quante Donne possono dire di aver scelto [&hellip;]<\/p>\n","protected":false},"author":1,"featured_media":938,"comment_status":"closed","ping_status":"closed","sticky":false,"template":"","format":"standard","meta":{"footnotes":""},"categories":[4],"tags":[13,8,6,11,12,15,16,9,7,10,14],"class_list":["post-937","post","type-post","status-publish","format-standard","has-post-thumbnail","hentry","category-blog","tag-atteggiamento","tag-azienda","tag-cavallo","tag-cavallo-come-specchio","tag-comportamento","tag-consapevolezza","tag-consapevolezza-personae","tag-dinamiche-organizzative","tag-formazione","tag-formazione-aziendale","tag-leadership"],"_links":{"self":[{"href":"https:\/\/www.monicacapello.com\/index.php\/wp-json\/wp\/v2\/posts\/937","targetHints":{"allow":["GET"]}}],"collection":[{"href":"https:\/\/www.monicacapello.com\/index.php\/wp-json\/wp\/v2\/posts"}],"about":[{"href":"https:\/\/www.monicacapello.com\/index.php\/wp-json\/wp\/v2\/types\/post"}],"author":[{"embeddable":true,"href":"https:\/\/www.monicacapello.com\/index.php\/wp-json\/wp\/v2\/users\/1"}],"replies":[{"embeddable":true,"href":"https:\/\/www.monicacapello.com\/index.php\/wp-json\/wp\/v2\/comments?post=937"}],"version-history":[{"count":13,"href":"https:\/\/www.monicacapello.com\/index.php\/wp-json\/wp\/v2\/posts\/937\/revisions"}],"predecessor-version":[{"id":951,"href":"https:\/\/www.monicacapello.com\/index.php\/wp-json\/wp\/v2\/posts\/937\/revisions\/951"}],"wp:featuredmedia":[{"embeddable":true,"href":"https:\/\/www.monicacapello.com\/index.php\/wp-json\/wp\/v2\/media\/938"}],"wp:attachment":[{"href":"https:\/\/www.monicacapello.com\/index.php\/wp-json\/wp\/v2\/media?parent=937"}],"wp:term":[{"taxonomy":"category","embeddable":true,"href":"https:\/\/www.monicacapello.com\/index.php\/wp-json\/wp\/v2\/categories?post=937"},{"taxonomy":"post_tag","embeddable":true,"href":"https:\/\/www.monicacapello.com\/index.php\/wp-json\/wp\/v2\/tags?post=937"}],"curies":[{"name":"wp","href":"https:\/\/api.w.org\/{rel}","templated":true}]}}